{"id":872,"date":"2019-11-17T08:44:31","date_gmt":"2019-11-17T08:44:31","guid":{"rendered":"http:\/\/www.urgencetogo.fr\/?p=872"},"modified":"2019-11-17T08:44:31","modified_gmt":"2019-11-17T08:44:31","slug":"kpeidji-la-construction-des-classes-est-terminee","status":"publish","type":"post","link":"https:\/\/www.urgencetogo.fr\/?p=872","title":{"rendered":"KPEIDJI: La construction des classes est termin\u00e9e."},"content":{"rendered":"<p>En septembre dernier des membres d&rsquo;urgence Togo et le Groupe relais d&rsquo;Urgence Togo se sont rendus \u00e0 Kpeidji . Ils ont\u00a0 \u00e9t\u00e9 accueilli par le chef d village et le Comit\u00e9 villageois.<\/p>\n<p><a href=\"http:\/\/www.urgencetogo.fr\/wp-content\/uploads\/2019\/11\/DSC_0254-1.jpg\"><img loading=\"lazy\" class=\" wp-image-871 aligncenter\" src=\"http:\/\/www.urgencetogo.fr\/wp-content\/uploads\/2019\/11\/DSC_0254-1-300x200.jpg\" alt=\"\" width=\"385\" height=\"256\" \/><\/a><\/p>\n<p>Ils ont pu constater l&rsquo;\u00e9tat d&rsquo;avancement de la construction des classes du coll\u00e8ge. L&rsquo;\u00e9tat a finalement financ\u00e9 l&rsquo;achat des t\u00f4les pour la couverture, il devrait nommer un\u00a0 directeur . Actuellement les professeurs sont pay\u00e9s par les villageois. Le coll\u00e8ge accueille 230 \u00e9l\u00e8ves de la 6\u00e9me \u00e0 la 3\u00e8me. Le comit\u00e9 villageois a pour l&rsquo;avenir bien d&rsquo;autres projets pour le village.<\/p>\n<p><a href=\"http:\/\/www.urgencetogo.fr\/wp-content\/uploads\/2019\/11\/DSC_0276.jpg\">\u00a0<\/a><a href=\"http:\/\/www.urgencetogo.fr\/wp-content\/uploads\/2019\/11\/DSC_0291.jpg\"><img loading=\"lazy\" class=\"alignnone  wp-image-870\" src=\"http:\/\/www.urgencetogo.fr\/wp-content\/uploads\/2019\/11\/DSC_0291-300x200.jpg\" alt=\"\" width=\"257\" height=\"171\" \/> \u00a0 \u00a0 \u00a0 \u00a0 \u00a0 \u00a0\u00a0 <\/a><a href=\"http:\/\/www.urgencetogo.fr\/wp-content\/uploads\/2019\/11\/DSC_0276.jpg\"><img loading=\"lazy\" class=\"alignnone  wp-image-869\" src=\"http:\/\/www.urgencetogo.fr\/wp-content\/uploads\/2019\/11\/DSC_0276-300x200.jpg\" alt=\"\" width=\"263\" height=\"175\" \/><\/a><\/p>\n","protected":false},"excerpt":{"rendered":"<p>En septembre dernier des membres d&rsquo;urgence Togo et le Groupe relais d&rsquo;Urgence Togo se sont rendus \u00e0 Kpeidji . Ils ont\u00a0 \u00e9t\u00e9 accueilli par le chef d village et le Comit\u00e9 villageois. Ils ont pu constater l&rsquo;\u00e9tat d&rsquo;avancement de la &hellip; <a href=\"https:\/\/www.urgencetogo.fr\/?p=872\">Continuer la lecture <span class=\"meta-nav\">&rarr;<\/span><\/a><\/p>\n","protected":false},"author":3,"featured_media":0,"comment_status":"closed","ping_status":"open","sticky":true,"template":"","format":"standard","meta":[],"categories":[1],"tags":[],"_links":{"self":[{"href":"https:\/\/www.urgencetogo.fr\/index.php?rest_route=\/wp\/v2\/posts\/872"}],"collection":[{"href":"https:\/\/www.urgencetogo.fr\/index.php?rest_route=\/wp\/v2\/posts"}],"about":[{"href":"https:\/\/www.urgencetogo.fr\/index.php?rest_route=\/wp\/v2\/types\/post"}],"author":[{"embeddable":true,"href":"https:\/\/www.urgencetogo.fr\/index.php?rest_route=\/wp\/v2\/users\/3"}],"replies":[{"embeddable":true,"href":"https:\/\/www.urgencetogo.fr\/index.php?rest_route=%2Fwp%2Fv2%2Fcomments&post=872"}],"version-history":[{"count":1,"href":"https:\/\/www.urgencetogo.fr\/index.php?rest_route=\/wp\/v2\/posts\/872\/revisions"}],"predecessor-version":[{"id":873,"href":"https:\/\/www.urgencetogo.fr\/index.php?rest_route=\/wp\/v2\/posts\/872\/revisions\/873"}],"wp:attachment":[{"href":"https:\/\/www.urgencetogo.fr\/index.php?rest_route=%2Fwp%2Fv2%2Fmedia&parent=872"}],"wp:term":[{"taxonomy":"category","embeddable":true,"href":"https:\/\/www.urgencetogo.fr\/index.php?rest_route=%2Fwp%2Fv2%2Fcategories&post=872"},{"taxonomy":"post_tag","embeddable":true,"href":"https:\/\/www.urgencetogo.fr\/index.php?rest_route=%2Fwp%2Fv2%2Ftags&post=872"}],"curies":[{"name":"wp","href":"https:\/\/api.w.org\/{rel}","templated":true}]}}